{"id":5898,"date":"2023-04-05T17:48:19","date_gmt":"2023-04-05T15:48:19","guid":{"rendered":"https:\/\/www.signes.es\/signes-awards\/"},"modified":"2024-05-02T11:58:11","modified_gmt":"2024-05-02T09:58:11","slug":"signes-awards","status":"publish","type":"post","link":"https:\/\/www.signes.es\/en\/signes-awards\/","title":{"rendered":"Signes Awards"},"content":{"rendered":"\n<h2 class=\"wp-block-heading\">Special 40th anniversary edition<\/h2>\n\n<p><strong>Special 40th anniversary edition Signes turns 40 and celebrates with a special edition of the Signes Awards<\/strong><\/p>\n\n<p>The Signes Awards for design students were born one fine day in 1995 on the initiative of Signes, aimed at all students enrolled in the final year of design schools in this country. The juries of those ten editions were of extraordinary quality, unusual for a competition born of a medium-sized company:<\/p>\n\n<p><strong>Alan Fletcher, \u00d3scar Tusquets, Ron Arad, Mariscal, \u00d3scar Marin\u00e9, Jaime Hayon, Erik Spiekermann, Pepe Cruz Novillo, Carlos Rolando, Llu\u00eds Morillas, Juan Gatti, Daniel Giralt-Miracle, Oliviero Toscani<\/strong> o <strong>Fernando Amat<\/strong>among many others, evaluated the quality of the works presented.<\/p>\n\n<p>For several years scholarships were awarded to the prize winners at: Fabrica, founded by Benetton in Treviso, Interaction Design Institute, founded by Telecom Italia and Olivetti in Ivrea and at Javier Mariscal&#8217;s studio in Barcelona.<\/p>\n\n<p>The <strong>Signes Award<\/strong> allowed the company to come into contact with the emerging talent of future designers who were being trained at that time. Hoy, muchos de ellos, son reconocidos profesionales del dise\u00f1o.<\/p>\n\n<p>With the excuse of its 40th anniversary, Signes wanted to reissue the Signes Award in a special way to reconnect with those who will be the future of this profession and at the same time with a theme that invites us to think about tomorrow: \u201cThe future of the profession\u201d.<strong>What will signage look like &#8211; or not look like &#8211; in 40 years?<\/strong>\u201d.<\/p>\n\n<p><strong>THE TROPHY<\/strong><\/p>\n\n<p>If the trophy is thought of as the final recognition of a great effort, then it is only fair that it should itself be a special award. Even more so when it is received by young students about to begin their professional careers.<\/p>\n\n<p>Signes has always sought the best for them, and for the first ten editions of the Signes Award, invited established designers to create these unique trophies. Peret, Antoni Morillas, Pepe Cruz Novillo, Javier Mariscal, Carlos Rolando, Daniel Nebot, \u00d3scar Marin\u00e9, Alberto Coraz\u00f3n, Isidro Ferrer and Ettore Sottsass. Everyone put the best of their creativity to create unique trophies.<\/p>\n\n<p>The trophy for this special edition of the Signes Award is a reprint of \u201cEl flechazo\u201d, designed by the great master of design Alberto Coraz\u00f3n for the 8th Edition of the Signes Award \u201cEl flechazo\u201d. Alberto left us in 2021 and Signes wanted to pay tribute to his memory.<\/p>\n\n<p><strong>THE JURY<\/strong><\/p>\n\n<p>Once again this year, the jury of the Signes Awards is a luxury one. In this tenth call for entries the works have been judged by:<\/p>\n\n<ul class=\"wp-block-list\">\n<li>Javi Royo &#8211; Illustrator and Graphic Designer<\/li>\n\n\n\n<li>Malika Favre &#8211; Illustrator and Graphic Designer<\/li>\n\n\n\n<li>Mario Eskenazi &#8211; Graphic Designer<\/li>\n\n\n\n<li>Marisa Gall\u00e9n \u00b7 Graphic Designer<\/li>\n\n\n\n<li>Benedetta Tagliabue \u00b7 Architect<\/li>\n\n\n\n<li>Rupert Goddard &#8211; Graphic Design Director and Associate at Foster &amp; Partners<\/li>\n<\/ul>\n\n<figure class=\"wp-block-image size-full\"><img fetchpriority=\"high\" decoding=\"async\" width=\"941\" height=\"529\" src=\"https:\/\/www.signes.es\/wp-content\/uploads\/2024\/04\/Jurado-Premio-Signes-40-Anos-2.jpg\" alt=\"\" class=\"wp-image-3202\" srcset=\"https:\/\/www.signes.es\/wp-content\/uploads\/2024\/04\/Jurado-Premio-Signes-40-Anos-2.jpg 941w, https:\/\/www.signes.es\/wp-content\/uploads\/2024\/04\/Jurado-Premio-Signes-40-Anos-2-300x169.jpg 300w, https:\/\/www.signes.es\/wp-content\/uploads\/2024\/04\/Jurado-Premio-Signes-40-Anos-2-768x432.jpg 768w\" sizes=\"(max-width: 941px) 100vw, 941px\" \/><\/figure>\n\n<p><strong>THE WINNERS<\/strong><\/p>\n\n<p><strong>1st Prize<\/strong><\/p>\n\n<ul class=\"wp-block-list\">\n<li>Author: Oumou Barry<\/li>\n\n\n\n<li>School: ESDAPC Catalunya (Escola Superior de Disseny i d\u2019Arts Pl\u00e0stiques de Catalunya). Barcelona<\/li>\n\n\n\n<li>Receives 4040\u20ac, the gold trophy, a diploma and a certificate for the school.<\/li>\n<\/ul>\n\n<p>Motto: IRIS<\/p>\n\n<p>Intelligent contact lens orientation and tracking system.<\/p>\n\n<p>For his analysis and vision when it comes to integrating elements such as customization of wayfinding projects in the future.<\/p>\n\n<p>\u201cFor his daring bet on the description of the disappearance of static physical elements and the integration of technology in interfaces that make the human body itself a technological body in the future.<\/p>\n\n<p>For his courage in betting on tools that are already beginning to be investigated and that will surely be present in our daily lives.\u201d<\/p>\n\n<figure class=\"wp-block-image size-full\"><img decoding=\"async\" width=\"941\" height=\"529\" src=\"https:\/\/www.signes.es\/wp-content\/uploads\/2024\/04\/Premio-Signes-40-Anos-2.jpg\" alt=\"\" class=\"wp-image-3205\" srcset=\"https:\/\/www.signes.es\/wp-content\/uploads\/2024\/04\/Premio-Signes-40-Anos-2.jpg 941w, https:\/\/www.signes.es\/wp-content\/uploads\/2024\/04\/Premio-Signes-40-Anos-2-300x169.jpg 300w, https:\/\/www.signes.es\/wp-content\/uploads\/2024\/04\/Premio-Signes-40-Anos-2-768x432.jpg 768w\" sizes=\"(max-width: 941px) 100vw, 941px\" \/><\/figure>\n\n<p><strong>2nd Prize<\/strong><\/p>\n\n<ul class=\"wp-block-list\">\n<li>Authors: Nuria Berruezo and Gabriela Marante<\/li>\n\n\n\n<li>School: ESNE \u2013 UDIT. University of Design and Technology. Madrid<\/li>\n\n\n\n<li>Receives the silver trophy and a diploma<\/li>\n<\/ul>\n\n<p>Motto: SEIJAKU<\/p>\n\n<p>A signaling system made up of interactive artificial intelligence elements and a network of lines integrated into the floors, which facilitates the transit of people inside airports and optimizes traffic flow.<\/p>\n\n<p><strong>3rd Prize<\/strong><\/p>\n\n<ul class=\"wp-block-list\">\n<li>Author: Oriol O\u2019Callaghan Al\u00f3s<\/li>\n\n\n\n<li>School: University of Barcelona<\/li>\n\n\n\n<li>Recibe el trofeo de bronce y un diploma<\/li>\n<\/ul>\n\n<p>Motto: GAIA<\/p>\n\n<p>Abstract: Signage system that uses environmentally friendly, recycled and bio-based materials and incorporates holograms for secondary information.<\/p>\n\n<p><strong>THE AWARDS CEREMONY<\/strong><\/p>\n\n<p>The Signes 40 Years Award ceremony took place on February 22 at the Luz de Gas hall in Barcelona.<\/p>\n\n<p>At the event, presented by \u00d2scar Dalmau, Alberto Coraz\u00f3n&#8217;s wife, Ana Arambarri, and Manel Garc\u00eda, CEO of Signes, presented the trophies and diplomas to the winners.<\/p>\n\n<p>Signes&#8217; 40th anniversary party was also held.<\/p>\n\n<figure class=\"wp-block-image size-full\"><img decoding=\"async\" width=\"941\" height=\"529\" src=\"https:\/\/www.signes.es\/wp-content\/uploads\/2024\/04\/Premio-Signes-40-Anos-1.jpg\" alt=\"\" class=\"wp-image-3208\" srcset=\"https:\/\/www.signes.es\/wp-content\/uploads\/2024\/04\/Premio-Signes-40-Anos-1.jpg 941w, https:\/\/www.signes.es\/wp-content\/uploads\/2024\/04\/Premio-Signes-40-Anos-1-300x169.jpg 300w, https:\/\/www.signes.es\/wp-content\/uploads\/2024\/04\/Premio-Signes-40-Anos-1-768x432.jpg 768w\" sizes=\"(max-width: 941px) 100vw, 941px\" \/><\/figure>\n","protected":false},"excerpt":{"rendered":"<p>Special 40th anniversary edition Special 40th anniversary edition Signes turns 40 and celebrates with a special edition of the Signes Awards The Signes Awards for design students were born one fine day in 1995 on the initiative of Signes, aimed at all students enrolled in the final year of design schools in this country. The&hellip;<\/p>\n","protected":false},"author":2,"featured_media":3201,"comment_status":"open","ping_status":"open","sticky":false,"template":"","format":"standard","meta":{"_acf_changed":false,"inline_featured_image":false,"_jetpack_memberships_contains_paid_content":false,"footnotes":""},"categories":[1],"tags":[],"class_list":["post-5898","post","type-post","status-publish","format-standard","has-post-thumbnail","hentry","category-sin-categorizar","category-1","description-off"],"acf":[],"jetpack_featured_media_url":"https:\/\/www.signes.es\/wp-content\/uploads\/2024\/04\/Alberto-Corazon-Premio-Signes-40-Anos-2.jpg","jetpack_sharing_enabled":true,"_links":{"self":[{"href":"https:\/\/www.signes.es\/en\/wp-json\/wp\/v2\/posts\/5898","targetHints":{"allow":["GET"]}}],"collection":[{"href":"https:\/\/www.signes.es\/en\/wp-json\/wp\/v2\/posts"}],"about":[{"href":"https:\/\/www.signes.es\/en\/wp-json\/wp\/v2\/types\/post"}],"author":[{"embeddable":true,"href":"https:\/\/www.signes.es\/en\/wp-json\/wp\/v2\/users\/2"}],"replies":[{"embeddable":true,"href":"https:\/\/www.signes.es\/en\/wp-json\/wp\/v2\/comments?post=5898"}],"version-history":[{"count":1,"href":"https:\/\/www.signes.es\/en\/wp-json\/wp\/v2\/posts\/5898\/revisions"}],"predecessor-version":[{"id":5899,"href":"https:\/\/www.signes.es\/en\/wp-json\/wp\/v2\/posts\/5898\/revisions\/5899"}],"wp:featuredmedia":[{"embeddable":true,"href":"https:\/\/www.signes.es\/en\/wp-json\/wp\/v2\/media\/3201"}],"wp:attachment":[{"href":"https:\/\/www.signes.es\/en\/wp-json\/wp\/v2\/media?parent=5898"}],"wp:term":[{"taxonomy":"category","embeddable":true,"href":"https:\/\/www.signes.es\/en\/wp-json\/wp\/v2\/categories?post=5898"},{"taxonomy":"post_tag","embeddable":true,"href":"https:\/\/www.signes.es\/en\/wp-json\/wp\/v2\/tags?post=5898"}],"curies":[{"name":"wp","href":"https:\/\/api.w.org\/{rel}","templated":true}]}}