{"id":5894,"date":"2023-07-24T10:34:29","date_gmt":"2023-07-24T08:34:29","guid":{"rendered":"https:\/\/www.signes.es\/summer-2023\/"},"modified":"2024-05-02T11:49:41","modified_gmt":"2024-05-02T09:49:41","slug":"summer-2023","status":"publish","type":"post","link":"https:\/\/www.signes.es\/en\/summer-2023\/","title":{"rendered":"Summer 2023"},"content":{"rendered":"\n<h2 class=\"wp-block-heading\"><img decoding=\"async\" width=\"3\" height=\"2\" src=\"https:\/\/mkt.signes.es\/statst.php?l=d824d1fc11ea161cd77a1deb52881aba&amp;u=42c86dc204&amp;ca_id=095312&amp;cl_id=171220&amp;l_id=6&amp;m_id=125309&amp;hf=2256&amp;i=1\" alt=\"\"\/><strong>Summer 2023<\/strong><\/h2>\n\n<p>This year we are not closed for vacations, we will be on the job all August. We share with you some refreshing summer images!<\/p>\n\n<figure class=\"wp-block-image size-full\"><img fetchpriority=\"high\" decoding=\"async\" width=\"650\" height=\"650\" src=\"https:\/\/www.signes.es\/wp-content\/uploads\/2024\/04\/image-15.png\" alt=\"Port Tarraco, Tarragona\" class=\"wp-image-3232\" srcset=\"https:\/\/www.signes.es\/wp-content\/uploads\/2024\/04\/image-15.png 650w, https:\/\/www.signes.es\/wp-content\/uploads\/2024\/04\/image-15-300x300.png 300w, https:\/\/www.signes.es\/wp-content\/uploads\/2024\/04\/image-15-150x150.png 150w\" sizes=\"(max-width: 650px) 100vw, 650px\" \/><\/figure>\n\n<p>Port Tarraco, Tarragona<\/p>\n\n<p><\/p>\n\n<figure class=\"wp-block-image size-full\"><img decoding=\"async\" width=\"650\" height=\"650\" src=\"https:\/\/www.signes.es\/wp-content\/uploads\/2024\/04\/image-16.png\" alt=\"\" class=\"wp-image-3235\" srcset=\"https:\/\/www.signes.es\/wp-content\/uploads\/2024\/04\/image-16.png 650w, https:\/\/www.signes.es\/wp-content\/uploads\/2024\/04\/image-16-300x300.png 300w, https:\/\/www.signes.es\/wp-content\/uploads\/2024\/04\/image-16-150x150.png 150w\" sizes=\"(max-width: 650px) 100vw, 650px\" \/><\/figure>\n\n<p>Colera City Council, Girona<\/p>\n\n<p><\/p>\n\n<figure class=\"wp-block-image\"><img decoding=\"async\" src=\"https:\/\/mkt.signes.es\/recursos\/491e2622086db8ee4b31c88f56cd0ca9\/Image\/Baku-Int-Pisc-Suelo-1_650.jpg?t=1689779276000\" alt=\" \"\/><\/figure>\n\n<p>Bak\u00fa Aquatic Park, Azerbaiy\u00e1n<\/p>\n\n<p><\/p>\n\n<figure class=\"wp-block-image\"><img decoding=\"async\" src=\"https:\/\/mkt.signes.es\/recursos\/491e2622086db8ee4b31c88f56cd0ca9\/Image\/H-Sofitel-Bcn-A40E-Cielo-2_650(0).jpg?t=1689779648000\" alt=\" \"\/><\/figure>\n\n<p>Hotel Sofitel, Barcelona<\/p>\n\n<p><\/p>\n\n<figure class=\"wp-block-image\"><img decoding=\"async\" src=\"https:\/\/mkt.signes.es\/recursos\/491e2622086db8ee4b31c88f56cd0ca9\/Image\/1_650(1).jpg?t=1689779730000\" alt=\" \"\/><\/figure>\n\n<p>Barcelona City Council<\/p>\n\n<p><\/p>\n\n<figure class=\"wp-block-image\"><img decoding=\"async\" src=\"https:\/\/mkt.signes.es\/recursos\/491e2622086db8ee4b31c88f56cd0ca9\/Image\/0.1_650(0).jpg?t=1689779890000\" alt=\" \"\/><\/figure>\n\n<p>Espig\u00f3 Guti, Barcelona<\/p>\n\n<p><\/p>\n\n<figure class=\"wp-block-image\"><img decoding=\"async\" src=\"https:\/\/mkt.signes.es\/recursos\/491e2622086db8ee4b31c88f56cd0ca9\/Image\/1_650(0).jpg?t=1689779427000\" alt=\" \"\/><\/figure>\n\n<p>Heron City Shopping Center, Barcelona<\/p>\n\n<p><\/p>\n\n<p>If you are enjoying your vacations in some of the coastal destinations where we have done some work, feel free to tag us in your photos so we can live those experiences with you. We want to be part of your adventures! Capture unforgettable moments this summer and share them with us! For more information, you can call us at +34 932 061 000 or write to us at info@signes.es.<\/p>\n","protected":false},"excerpt":{"rendered":"<p>Summer 2023 This year we are not closed for vacations, we will be on the job all August. We share with you some refreshing summer images! Port Tarraco, Tarragona Colera City Council, Girona Bak\u00fa Aquatic Park, Azerbaiy\u00e1n Hotel Sofitel, Barcelona Barcelona City Council Espig\u00f3 Guti, Barcelona Heron City Shopping Center, Barcelona If you are enjoying&hellip;<\/p>\n","protected":false},"author":2,"featured_media":3237,"comment_status":"open","ping_status":"open","sticky":false,"template":"","format":"standard","meta":{"_acf_changed":false,"inline_featured_image":false,"_jetpack_memberships_contains_paid_content":false,"footnotes":""},"categories":[1],"tags":[],"class_list":["post-5894","post","type-post","status-publish","format-standard","has-post-thumbnail","hentry","category-sin-categorizar","category-1","description-off"],"acf":[],"jetpack_featured_media_url":"https:\/\/www.signes.es\/wp-content\/uploads\/2024\/04\/image-16.png","jetpack_sharing_enabled":true,"_links":{"self":[{"href":"https:\/\/www.signes.es\/en\/wp-json\/wp\/v2\/posts\/5894","targetHints":{"allow":["GET"]}}],"collection":[{"href":"https:\/\/www.signes.es\/en\/wp-json\/wp\/v2\/posts"}],"about":[{"href":"https:\/\/www.signes.es\/en\/wp-json\/wp\/v2\/types\/post"}],"author":[{"embeddable":true,"href":"https:\/\/www.signes.es\/en\/wp-json\/wp\/v2\/users\/2"}],"replies":[{"embeddable":true,"href":"https:\/\/www.signes.es\/en\/wp-json\/wp\/v2\/comments?post=5894"}],"version-history":[{"count":1,"href":"https:\/\/www.signes.es\/en\/wp-json\/wp\/v2\/posts\/5894\/revisions"}],"predecessor-version":[{"id":5895,"href":"https:\/\/www.signes.es\/en\/wp-json\/wp\/v2\/posts\/5894\/revisions\/5895"}],"wp:featuredmedia":[{"embeddable":true,"href":"https:\/\/www.signes.es\/en\/wp-json\/wp\/v2\/media\/3237"}],"wp:attachment":[{"href":"https:\/\/www.signes.es\/en\/wp-json\/wp\/v2\/media?parent=5894"}],"wp:term":[{"taxonomy":"category","embeddable":true,"href":"https:\/\/www.signes.es\/en\/wp-json\/wp\/v2\/categories?post=5894"},{"taxonomy":"post_tag","embeddable":true,"href":"https:\/\/www.signes.es\/en\/wp-json\/wp\/v2\/tags?post=5894"}],"curies":[{"name":"wp","href":"https:\/\/api.w.org\/{rel}","templated":true}]}}