{"id":5881,"date":"2017-10-19T16:50:40","date_gmt":"2017-10-19T14:50:40","guid":{"rendered":"https:\/\/www.signes.es\/tipografia-dsignes\/"},"modified":"2024-05-02T11:38:56","modified_gmt":"2024-05-02T09:38:56","slug":"tipografia-dsignes","status":"publish","type":"post","link":"https:\/\/www.signes.es\/ca\/tipografia-dsignes\/","title":{"rendered":"Tipografia DSIGNES"},"content":{"rendered":"\n<h2 class=\"wp-block-heading\">Tipografia DSIGNES<\/h2>\n\n<p>Ens hem atrevit amb el m\u00e9s dif\u00edcil, la tipografia. Perqu\u00e8 \u00e9s l&#8217;essencial en qualsevol projecte gr\u00e0fic.<\/p>\n\n<p>Hem desenvolupat amb Andreu Balius, que \u00e9s un dels m\u00e9s reconeguts experts en la mat\u00e8ria, una fam\u00edlia tipogr\u00e0fica especialment dissenyada per a la seva aplicaci\u00f3 en projectes de senyalitzaci\u00f3. Es diu DSIGNES, t\u00e9 tres declinacions \u2014Ligth, Regular i Bold\u2014 i estem molt felices de poder oferir-la al col\u00b7lectiu de dissenyadors i arquitectes perqu\u00e8 facin bon \u00fas d&#8217;ella.<\/p>\n\n<p>Pots sol\u00b7licitar-la en latipodsignes@signes.es. No t&#8217;ho pensis, \u00e9s gratis. La tipografia DSIGNES ha obtingut els seg\u00fcents reconeixements: \u2013 2010: Premi ED Awards (European Design Awards) \u2013 2009: Premio Lletra (Premis nacionals de comunicaci\u00f3 visual i gr\u00e0fica d&#8217;entorn) en la categoria Miscel\u00b7l\u00e0nia.<\/p>\n\n<figure class=\"wp-block-image\"><img decoding=\"async\" src=\"blob:https:\/\/www.signes.es\/fcb03789-4118-41bf-89d2-d0e14da076e4\" alt=\"\"\/><\/figure>\n","protected":false},"excerpt":{"rendered":"<p>Tipografia DSIGNES Ens hem atrevit amb el m\u00e9s dif\u00edcil, la tipografia. Perqu\u00e8 \u00e9s l&#8217;essencial en qualsevol projecte gr\u00e0fic. Hem desenvolupat amb Andreu Balius, que \u00e9s un dels m\u00e9s reconeguts experts en la mat\u00e8ria, una fam\u00edlia tipogr\u00e0fica especialment dissenyada per a la seva aplicaci\u00f3 en projectes de senyalitzaci\u00f3. Es diu DSIGNES, t\u00e9 tres declinacions \u2014Ligth, Regular&hellip;<\/p>\n","protected":false},"author":2,"featured_media":3077,"comment_status":"open","ping_status":"open","sticky":false,"template":"","format":"standard","meta":{"_acf_changed":false,"inline_featured_image":false,"_jetpack_memberships_contains_paid_content":false,"footnotes":""},"categories":[44],"tags":[],"class_list":["post-5881","post","type-post","status-publish","format-standard","has-post-thumbnail","hentry","category-sin-categorizar-ca","category-44","description-off"],"acf":[],"jetpack_featured_media_url":"https:\/\/www.signes.es\/wp-content\/uploads\/2024\/04\/image-1.png","jetpack_sharing_enabled":true,"_links":{"self":[{"href":"https:\/\/www.signes.es\/ca\/wp-json\/wp\/v2\/posts\/5881","targetHints":{"allow":["GET"]}}],"collection":[{"href":"https:\/\/www.signes.es\/ca\/wp-json\/wp\/v2\/posts"}],"about":[{"href":"https:\/\/www.signes.es\/ca\/wp-json\/wp\/v2\/types\/post"}],"author":[{"embeddable":true,"href":"https:\/\/www.signes.es\/ca\/wp-json\/wp\/v2\/users\/2"}],"replies":[{"embeddable":true,"href":"https:\/\/www.signes.es\/ca\/wp-json\/wp\/v2\/comments?post=5881"}],"version-history":[{"count":1,"href":"https:\/\/www.signes.es\/ca\/wp-json\/wp\/v2\/posts\/5881\/revisions"}],"predecessor-version":[{"id":5882,"href":"https:\/\/www.signes.es\/ca\/wp-json\/wp\/v2\/posts\/5881\/revisions\/5882"}],"wp:featuredmedia":[{"embeddable":true,"href":"https:\/\/www.signes.es\/ca\/wp-json\/wp\/v2\/media\/3077"}],"wp:attachment":[{"href":"https:\/\/www.signes.es\/ca\/wp-json\/wp\/v2\/media?parent=5881"}],"wp:term":[{"taxonomy":"category","embeddable":true,"href":"https:\/\/www.signes.es\/ca\/wp-json\/wp\/v2\/categories?post=5881"},{"taxonomy":"post_tag","embeddable":true,"href":"https:\/\/www.signes.es\/ca\/wp-json\/wp\/v2\/tags?post=5881"}],"curies":[{"name":"wp","href":"https:\/\/api.w.org\/{rel}","templated":true}]}}