{"id":5859,"date":"2023-04-05T17:48:19","date_gmt":"2023-04-05T15:48:19","guid":{"rendered":"https:\/\/www.signes.es\/premi-signes\/"},"modified":"2024-05-02T11:29:13","modified_gmt":"2024-05-02T09:29:13","slug":"premi-signes","status":"publish","type":"post","link":"https:\/\/www.signes.es\/ca\/premi-signes\/","title":{"rendered":"Premi Signes"},"content":{"rendered":"\n<h2 class=\"wp-block-heading\">Edici\u00f3 especial 40 aniversari<\/h2>\n\n<p><strong>Edici\u00f3 especial 40 aniversari. Signes compleix 40 anys i ho celebra amb una edici\u00f3 especial dels Premis Signes<\/strong><\/p>\n\n<p>Els Premis Signes per a estudiants de disseny van n\u00e9ixer un bon dia de 1995 per iniciativa particular de Signes, dirigits a tots els estudiants matriculats en l&#8217;\u00faltim curs de les escoles de disseny d&#8217;aquest pa\u00eds. Els jurats d&#8217;aquelles deu edicions van ser d&#8217;extraordin\u00e0ria qualitat, ins\u00f2lita per a una convocat\u00f2ria nascuda d&#8217;una mitjana empresa:<\/p>\n\n<p><strong>Alan Fletcher, \u00d3scar Tusquets, Ron Arad, Mariscal, \u00d3scar Marin\u00e9, Jaime Hayon, Erik Spiekermann, Pepe Cruz Novillo, Carlos Rolando, Llu\u00eds Morillas, Juan Gatti, Daniel Giralt-Miracle, Oliviero Toscani<\/strong> o <strong>Fernando Amat<\/strong> entre molts altres, van avaluar la qualitat dels treballs presentats.<\/p>\n\n<p>Durant diversos anys es van concedir beques als guanyadors del premi en: Fabrica, fundada per Benetton a Treviso, Interaction Design Institute, fundat per Telecom It\u00e0lia i Olivetti en Ivrea i en l&#8217;estudi de Javier Mariscal a Barcelona.<\/p>\n\n<p>El <strong>Premi Signes<\/strong> va permetre a l&#8217;empresa entrar en contacte amb el talent emergent dels futurs dissenyadors que s&#8217;estaven formant en aquest moment. Avui, molts d&#8217;ells, s\u00f3n reconeguts professionals del disseny.<\/p>\n\n<p>Amb l&#8217;excusa del seu 40 aniversari, Signes ha volgut reeditar de manera especial el Premi Signes per a tornar a connectar amb els que seran el futur d&#8217;aquesta professi\u00f3 i al mateix temps amb un tema que ens convida a pensar en el dia de dem\u00e0: \u201c<strong>Com ser\u00e0 \u2013 o no ser\u00e0 \u2013 la senyalitzaci\u00f3 dins de 40 anys?<\/strong>\u201d.<\/p>\n\n<p><strong>EL TROFEU<\/strong><\/p>\n\n<p>Si es pensa en el trofeu com el reconeixement final a un gran esfor\u00e7, llavors \u00e9s just que aquest sigui en si mateix un premi especial. M\u00e9s encara quan ho reben joves estudiants a punt de comen\u00e7ar la seva carrera professional.<\/p>\n\n<p>Signes sempre ha buscat el millor per a ells, i durant les deu primeres edicions del Premi Signes, va convidar dissenyadors consagrats per a crear aquests trofeus \u00fanics. Peret, Antoni Morillas, Pepe Cruz Novillo, Javier Mariscal, Carlos Rolando, Daniel Nebot, \u00d3scar Marin\u00e9, Alberto Coraz\u00f3n, Isidro Ferrer i Ettore Sottsass. Tots van posar el millor de la seva creativitat per a crear trofeus \u00fanics.<\/p>\n\n<p>El trofeu d&#8217;aquesta edici\u00f3 especial del Premi Signes \u00e9s una reedici\u00f3 de \u201cL&#8217;enamorament sobtat\u201d, dissenyat pel gran mestre del disseny Alberto Coraz\u00f3n per a la 8a Edici\u00f3 del Premi Signes \u201cL&#8217;enamorament sobtat\u201d. Alberto ens va deixar en 2021 i Signes ha volgut fer un homenatge a la seva mem\u00f2ria.<\/p>\n\n<p><strong>EL JURAT<\/strong><\/p>\n\n<p>Un any m\u00e9s, el jurat dels Premi Signes \u00e9s de luxe. En aquesta desena convocat\u00f2ria els treballs han estat jutjats per:<\/p>\n\n<ul class=\"wp-block-list\">\n<li>Javi Royo \u00b7 Il\u00b7lustrador y Disenyador Gr\u00e0fic<\/li>\n\n\n\n<li>Malika Favre \u00b7 Ilustradora y Dise\u00f1adora gr\u00e1fica<\/li>\n\n\n\n<li>Mario Eskenazi \u00b7 Dissenyador Gr\u00e0fic<\/li>\n\n\n\n<li>Marisa Gall\u00e9n \u00b7 Dise\u00f1adora gr\u00e0fica<\/li>\n\n\n\n<li>Benedetta Tagliabue \u00b7 Arquitecta<\/li>\n\n\n\n<li>Rupert Goddard \u00b7 Director de Disseny Gr\u00e0fic i Associat de Foster &amp; Partners<\/li>\n<\/ul>\n\n<figure class=\"wp-block-image size-full\"><img fetchpriority=\"high\" decoding=\"async\" width=\"941\" height=\"529\" src=\"https:\/\/www.signes.es\/wp-content\/uploads\/2024\/04\/Jurado-Premio-Signes-40-Anos-2.jpg\" alt=\"\" class=\"wp-image-3202\" srcset=\"https:\/\/www.signes.es\/wp-content\/uploads\/2024\/04\/Jurado-Premio-Signes-40-Anos-2.jpg 941w, https:\/\/www.signes.es\/wp-content\/uploads\/2024\/04\/Jurado-Premio-Signes-40-Anos-2-300x169.jpg 300w, https:\/\/www.signes.es\/wp-content\/uploads\/2024\/04\/Jurado-Premio-Signes-40-Anos-2-768x432.jpg 768w\" sizes=\"(max-width: 941px) 100vw, 941px\" \/><\/figure>\n\n<p><strong>ELS GUANYADORS<\/strong><\/p>\n\n<p><strong>1r Premi<\/strong><\/p>\n\n<ul class=\"wp-block-list\">\n<li>Autora: Oumou Barry<\/li>\n\n\n\n<li>Escola: ESDAPC Catalunya (Escola Superior de Disseny i d\u2019Arts Pl\u00e0stiques de Catalunya). Barcelona<\/li>\n\n\n\n<li>Rep 4040\u20ac, el trofeu d&#8217;or, un diploma i un certificat per a l&#8217;escola.<\/li>\n<\/ul>\n\n<p>Lema: IRIS<\/p>\n\n<p>Sistema d&#8217;orientaci\u00f3 i rastreig per lents de contacte intel\u00b7ligents.<\/p>\n\n<p>Per la seva an\u00e0lisi i la seva visi\u00f3 a l&#8217;hora d&#8217;integrar elements com la personalitzaci\u00f3 dels projectes de wayfinding en el futur.<\/p>\n\n<p>\u201cPer la seva aposta atrevida en la descripci\u00f3 de la desaparici\u00f3 dels elements f\u00edsics est\u00e0tics i la integraci\u00f3 de la tecnologia en interf\u00edcies que fan que el propi cos hum\u00e0 sigui en el futur un cos tecnol\u00f2gic.<\/p>\n\n<p>Per la seva valentia a l&#8217;hora d&#8217;apostar per eines que ja es comencen a investigar i que segur seran presents en la nostra vida quotidiana.\u201d<\/p>\n\n<figure class=\"wp-block-image size-full\"><img decoding=\"async\" width=\"941\" height=\"529\" src=\"https:\/\/www.signes.es\/wp-content\/uploads\/2024\/04\/Premio-Signes-40-Anos-2.jpg\" alt=\"\" class=\"wp-image-3205\" srcset=\"https:\/\/www.signes.es\/wp-content\/uploads\/2024\/04\/Premio-Signes-40-Anos-2.jpg 941w, https:\/\/www.signes.es\/wp-content\/uploads\/2024\/04\/Premio-Signes-40-Anos-2-300x169.jpg 300w, https:\/\/www.signes.es\/wp-content\/uploads\/2024\/04\/Premio-Signes-40-Anos-2-768x432.jpg 768w\" sizes=\"(max-width: 941px) 100vw, 941px\" \/><\/figure>\n\n<p><strong>2n Premi<\/strong><\/p>\n\n<ul class=\"wp-block-list\">\n<li>Autores: Nuria Berruezo y Gabriela Marante<\/li>\n\n\n\n<li>Escola: ESNE \u2013 UDIT. Universitat de Disseny i Tecnologia. Madrid<\/li>\n\n\n\n<li>Rep el trofeu de plata i un diploma<\/li>\n<\/ul>\n\n<p>Lema: SEIJAKU<\/p>\n\n<p>Sistema de senyalitzaci\u00f3 conformat per elements d&#8217;intel\u00b7lig\u00e8ncia artificial interactius i network de l\u00ednies integrades en els s\u00f2ls, que facilita el tr\u00e0nsit de les persones dins dels aeroports i optimitza les circulacions.<\/p>\n\n<p><strong>3r Premi<\/strong><\/p>\n\n<ul class=\"wp-block-list\">\n<li>Autor: Oriol O\u2019Callaghan Al\u00f3s<\/li>\n\n\n\n<li>Escola: Universitat de Barcelona<\/li>\n\n\n\n<li>Rep el trofeu de bronze i un diploma<\/li>\n<\/ul>\n\n<p>Lema: GAIA<\/p>\n\n<p>Resum: Sistema de senyalitzaci\u00f3 que utilitza materials ecol\u00f2gics, reciclats i biol\u00f2gics, i incorpora hologrames per a la informaci\u00f3 secund\u00e0ria.<\/p>\n\n<p><strong>EL LLIURAMENT DE PREMIS<\/strong><\/p>\n\n<p>El lliurament del Premi Signes 40 Anys va tenir lloc el 22 de febrer a la sala Llum de Gas de Barcelona.<\/p>\n\n<p>En l&#8217;acte, presentat per \u00d2scar Dalmau, la dona d&#8217;Alberto Coraz\u00f3n, Ana Arambarri, i Manel Garc\u00eda, CEO de Signes van fer lliurament dels trofeus i diplomes als guanyadors.<\/p>\n\n<p>Tamb\u00e9 es va celebrar la festa del 40 aniversari de Signes.<\/p>\n\n<figure class=\"wp-block-image size-full\"><img decoding=\"async\" width=\"941\" height=\"529\" src=\"https:\/\/www.signes.es\/wp-content\/uploads\/2024\/04\/Premio-Signes-40-Anos-1.jpg\" alt=\"\" class=\"wp-image-3208\" srcset=\"https:\/\/www.signes.es\/wp-content\/uploads\/2024\/04\/Premio-Signes-40-Anos-1.jpg 941w, https:\/\/www.signes.es\/wp-content\/uploads\/2024\/04\/Premio-Signes-40-Anos-1-300x169.jpg 300w, https:\/\/www.signes.es\/wp-content\/uploads\/2024\/04\/Premio-Signes-40-Anos-1-768x432.jpg 768w\" sizes=\"(max-width: 941px) 100vw, 941px\" \/><\/figure>\n","protected":false},"excerpt":{"rendered":"<p>Edici\u00f3 especial 40 aniversari Edici\u00f3 especial 40 aniversari. Signes compleix 40 anys i ho celebra amb una edici\u00f3 especial dels Premis Signes Els Premis Signes per a estudiants de disseny van n\u00e9ixer un bon dia de 1995 per iniciativa particular de Signes, dirigits a tots els estudiants matriculats en l&#8217;\u00faltim curs de les escoles de&hellip;<\/p>\n","protected":false},"author":2,"featured_media":3200,"comment_status":"open","ping_status":"open","sticky":false,"template":"","format":"standard","meta":{"_acf_changed":false,"inline_featured_image":false,"_jetpack_memberships_contains_paid_content":false,"footnotes":""},"categories":[44],"tags":[],"class_list":["post-5859","post","type-post","status-publish","format-standard","has-post-thumbnail","hentry","category-sin-categorizar-ca","category-44","description-off"],"acf":[],"jetpack_featured_media_url":"https:\/\/www.signes.es\/wp-content\/uploads\/2024\/04\/Alberto-Corazon-Premio-Signes-40-Anos-2.jpg","jetpack_sharing_enabled":true,"_links":{"self":[{"href":"https:\/\/www.signes.es\/ca\/wp-json\/wp\/v2\/posts\/5859","targetHints":{"allow":["GET"]}}],"collection":[{"href":"https:\/\/www.signes.es\/ca\/wp-json\/wp\/v2\/posts"}],"about":[{"href":"https:\/\/www.signes.es\/ca\/wp-json\/wp\/v2\/types\/post"}],"author":[{"embeddable":true,"href":"https:\/\/www.signes.es\/ca\/wp-json\/wp\/v2\/users\/2"}],"replies":[{"embeddable":true,"href":"https:\/\/www.signes.es\/ca\/wp-json\/wp\/v2\/comments?post=5859"}],"version-history":[{"count":1,"href":"https:\/\/www.signes.es\/ca\/wp-json\/wp\/v2\/posts\/5859\/revisions"}],"predecessor-version":[{"id":5860,"href":"https:\/\/www.signes.es\/ca\/wp-json\/wp\/v2\/posts\/5859\/revisions\/5860"}],"wp:featuredmedia":[{"embeddable":true,"href":"https:\/\/www.signes.es\/ca\/wp-json\/wp\/v2\/media\/3200"}],"wp:attachment":[{"href":"https:\/\/www.signes.es\/ca\/wp-json\/wp\/v2\/media?parent=5859"}],"wp:term":[{"taxonomy":"category","embeddable":true,"href":"https:\/\/www.signes.es\/ca\/wp-json\/wp\/v2\/categories?post=5859"},{"taxonomy":"post_tag","embeddable":true,"href":"https:\/\/www.signes.es\/ca\/wp-json\/wp\/v2\/tags?post=5859"}],"curies":[{"name":"wp","href":"https:\/\/api.w.org\/{rel}","templated":true}]}}