{"id":5855,"date":"2023-06-08T09:46:45","date_gmt":"2023-06-08T07:46:45","guid":{"rendered":"https:\/\/www.signes.es\/senyalitzacio-per-a-hotel-sofitel\/"},"modified":"2024-05-02T11:18:52","modified_gmt":"2024-05-02T09:18:52","slug":"senyalitzacio-per-a-hotel-sofitel","status":"publish","type":"post","link":"https:\/\/www.signes.es\/ca\/senyalitzacio-per-a-hotel-sofitel\/","title":{"rendered":"Senyalitzaci\u00f3 per a Hotel Sofitel"},"content":{"rendered":"\n<h2 class=\"wp-block-heading\"><\/h2>\n\n<p>L&#8217;hotel Sofitel Barcelona \u00e9s un veritable tresor amagat en el cor de la ciutat comtal. Amb una ubicaci\u00f3 immillorable enfront del port ol\u00edmpic, aquest hotel combina l&#8217;eleg\u00e0ncia francesa amb l&#8217;ess\u00e8ncia mediterr\u00e0nia de Barcelona per a crear un ambient \u00fanic i sofisticat.<\/p>\n\n<p>El primer que notar\u00e0s en arribar a l&#8217;hotel \u00e9s el seu <strong>disseny arquitect\u00f2nic<\/strong> modern i <strong>elegant.<\/strong> La fa\u00e7ana de l&#8217;hotel est\u00e0 dissenyada amb l\u00ednies netes i simples, la qual cosa li dona una aparen\u00e7a sofisticada i contempor\u00e0nia. L&#8217;interior tamb\u00e9 \u00e9s impressionant, amb un estil minimalista que crea una sensaci\u00f3 d&#8217;espai i eleg\u00e0ncia.<\/p>\n\n<p>Una de les millors caracter\u00edstiques de l&#8217;hotel Sofitel Barcelona \u00e9s el seu espectacular terrat. Des d&#8217;aqu\u00ed es pot gaudir d&#8217;unes vistes impressionants de la ciutat i la mar, mentre es pren un c\u00f2ctel refrescant en la piscina. \u00c9s un lloc ideal per a relaxar-se i gaudir del sol i la brisa mediterr\u00e0nia.<\/p>\n\n<p>A m\u00e9s, l&#8217;hotel Sofitel Barcelona ha pensat en cada detall per a oferir una experi\u00e8ncia excepcional als seus hostes. Han dissenyat una <strong>senyalitzaci\u00f3 interior<\/strong>, <strong>senyalitzaci\u00f3 exterior<\/strong> i <strong>senyalitzaci\u00f3 d&#8217;emerg\u00e8ncia<\/strong> sofisticada que s&#8217;integra perfectament amb el disseny arquitect\u00f2nic modern, mediterrani i elegant de l&#8217;hotel. Aix\u00f2 significa que la senyalitzaci\u00f3 no sols \u00e9s funcional, sin\u00f3 tamb\u00e9 coherent amb l&#8217;ambient de l&#8217;espai.<\/p>\n\n<p>Ara est\u00e0 tot llest per a passar una bona estona en el terrat gaudint de les vistes de Barcelona!<\/p>\n\n<figure class=\"wp-block-image size-full\"><img fetchpriority=\"high\" decoding=\"async\" width=\"800\" height=\"592\" src=\"https:\/\/www.signes.es\/wp-content\/uploads\/2024\/04\/2@250x-1.jpg\" alt=\"\" class=\"wp-image-2625\" srcset=\"https:\/\/www.signes.es\/wp-content\/uploads\/2024\/04\/2@250x-1.jpg 800w, https:\/\/www.signes.es\/wp-content\/uploads\/2024\/04\/2@250x-1-300x222.jpg 300w, https:\/\/www.signes.es\/wp-content\/uploads\/2024\/04\/2@250x-1-768x568.jpg 768w\" sizes=\"(max-width: 800px) 100vw, 800px\" \/><\/figure>\n","protected":false},"excerpt":{"rendered":"<p>L&#8217;hotel Sofitel Barcelona \u00e9s un veritable tresor amagat en el cor de la ciutat comtal. Amb una ubicaci\u00f3 immillorable enfront del port ol\u00edmpic, aquest hotel combina l&#8217;eleg\u00e0ncia francesa amb l&#8217;ess\u00e8ncia mediterr\u00e0nia de Barcelona per a crear un ambient \u00fanic i sofisticat. El primer que notar\u00e0s en arribar a l&#8217;hotel \u00e9s el seu disseny arquitect\u00f2nic modern&hellip;<\/p>\n","protected":false},"author":1,"featured_media":2622,"comment_status":"open","ping_status":"open","sticky":false,"template":"","format":"standard","meta":{"_acf_changed":false,"inline_featured_image":false,"_jetpack_memberships_contains_paid_content":false,"footnotes":""},"categories":[44],"tags":[],"class_list":["post-5855","post","type-post","status-publish","format-standard","has-post-thumbnail","hentry","category-sin-categorizar-ca","category-44","description-off"],"acf":[],"jetpack_featured_media_url":"https:\/\/www.signes.es\/wp-content\/uploads\/2024\/04\/2@250x.jpg","jetpack_sharing_enabled":true,"_links":{"self":[{"href":"https:\/\/www.signes.es\/ca\/wp-json\/wp\/v2\/posts\/5855","targetHints":{"allow":["GET"]}}],"collection":[{"href":"https:\/\/www.signes.es\/ca\/wp-json\/wp\/v2\/posts"}],"about":[{"href":"https:\/\/www.signes.es\/ca\/wp-json\/wp\/v2\/types\/post"}],"author":[{"embeddable":true,"href":"https:\/\/www.signes.es\/ca\/wp-json\/wp\/v2\/users\/1"}],"replies":[{"embeddable":true,"href":"https:\/\/www.signes.es\/ca\/wp-json\/wp\/v2\/comments?post=5855"}],"version-history":[{"count":1,"href":"https:\/\/www.signes.es\/ca\/wp-json\/wp\/v2\/posts\/5855\/revisions"}],"predecessor-version":[{"id":5856,"href":"https:\/\/www.signes.es\/ca\/wp-json\/wp\/v2\/posts\/5855\/revisions\/5856"}],"wp:featuredmedia":[{"embeddable":true,"href":"https:\/\/www.signes.es\/ca\/wp-json\/wp\/v2\/media\/2622"}],"wp:attachment":[{"href":"https:\/\/www.signes.es\/ca\/wp-json\/wp\/v2\/media?parent=5855"}],"wp:term":[{"taxonomy":"category","embeddable":true,"href":"https:\/\/www.signes.es\/ca\/wp-json\/wp\/v2\/categories?post=5855"},{"taxonomy":"post_tag","embeddable":true,"href":"https:\/\/www.signes.es\/ca\/wp-json\/wp\/v2\/tags?post=5855"}],"curies":[{"name":"wp","href":"https:\/\/api.w.org\/{rel}","templated":true}]}}